{"id":3234,"date":"2022-02-09T18:23:17","date_gmt":"2022-02-09T18:23:17","guid":{"rendered":"http:\/\/nep.edu.co\/?p=3234"},"modified":"2022-02-22T19:09:50","modified_gmt":"2022-02-22T19:09:50","slug":"horario-ciclos","status":"publish","type":"post","link":"http:\/\/nep.edu.co\/index.php\/2022\/02\/09\/horario-ciclos\/","title":{"rendered":"Jornada Sabatina &#8211; Inicio de Clases 2022"},"content":{"rendered":"\t\t<div data-elementor-type=\"wp-post\" data-elementor-id=\"3234\" class=\"elementor elementor-3234\">\n\t\t\t\t\t\t<section class=\"elementor-section elementor-top-section elementor-element elementor-element-d848fd5 elementor-section-boxed elementor-section-height-default elementor-section-height-default\" data-id=\"d848fd5\" data-element_type=\"section\" data-e-type=\"section\">\n\t\t\t\t\t\t<div class=\"elementor-container elementor-column-gap-default\">\n\t\t\t\t\t<div class=\"elementor-column elementor-col-100 elementor-top-column elementor-element elementor-element-53192fd\" data-id=\"53192fd\" data-element_type=\"column\" data-e-type=\"column\">\n\t\t\t<div class=\"elementor-widget-wrap elementor-element-populated\">\n\t\t\t\t\t\t<section class=\"elementor-section elementor-inner-section elementor-element elementor-element-8e199db elementor-section-boxed elementor-section-height-default elementor-section-height-default\" data-id=\"8e199db\" data-element_type=\"section\" data-e-type=\"section\">\n\t\t\t\t\t\t<div class=\"elementor-container elementor-column-gap-default\">\n\t\t\t\t\t<div class=\"elementor-column elementor-col-50 elementor-inner-column elementor-element elementor-element-13ffdba\" data-id=\"13ffdba\" data-element_type=\"column\" data-e-type=\"column\">\n\t\t\t<div class=\"elementor-widget-wrap elementor-element-populated\">\n\t\t\t\t\t\t<div class=\"elementor-element elementor-element-0c6b7f9 elementor-widget elementor-widget-image\" data-id=\"0c6b7f9\" data-element_type=\"widget\" data-e-type=\"widget\" data-widget_type=\"image.default\">\n\t\t\t\t<div class=\"elementor-widget-container\">\n\t\t\t\t\t\t\t\t\t\t\t\t\t\t\t<img fetchpriority=\"high\" decoding=\"async\" width=\"800\" height=\"419\" src=\"http:\/\/nep.edu.co\/wp-content\/uploads\/2022\/02\/horario.jpg\" class=\"attachment-large size-large wp-image-3236\" alt=\"\" srcset=\"http:\/\/nep.edu.co\/wp-content\/uploads\/2022\/02\/horario.jpg 800w, http:\/\/nep.edu.co\/wp-content\/uploads\/2022\/02\/horario-300x157.jpg 300w, http:\/\/nep.edu.co\/wp-content\/uploads\/2022\/02\/horario-768x402.jpg 768w, http:\/\/nep.edu.co\/wp-content\/uploads\/2022\/02\/horario-260x136.jpg 260w, http:\/\/nep.edu.co\/wp-content\/uploads\/2022\/02\/horario-50x26.jpg 50w, http:\/\/nep.edu.co\/wp-content\/uploads\/2022\/02\/horario-143x75.jpg 143w\" sizes=\"(max-width: 800px) 100vw, 800px\" \/>\t\t\t\t\t\t\t\t\t\t\t\t\t\t\t<\/div>\n\t\t\t\t<\/div>\n\t\t\t\t\t<\/div>\n\t\t<\/div>\n\t\t\t\t<div class=\"elementor-column elementor-col-50 elementor-inner-column elementor-element elementor-element-6256ecf\" data-id=\"6256ecf\" data-element_type=\"column\" data-e-type=\"column\">\n\t\t\t<div class=\"elementor-widget-wrap elementor-element-populated\">\n\t\t\t\t\t\t<div class=\"elementor-element elementor-element-f1ee972 elementor-widget elementor-widget-text-editor\" data-id=\"f1ee972\" data-element_type=\"widget\" data-e-type=\"widget\" data-widget_type=\"text-editor.default\">\n\t\t\t\t<div class=\"elementor-widget-container\">\n\t\t\t\t\t\t\t\t\t<h2 style=\"text-align: center;\"><strong>JORNADA SABATINA<\/strong><\/h2><h3 style=\"text-align: center;\">Iniciamos clases el s\u00e1bado 12 de febrero de 2022 a las 7:00 a.m.<\/h3><h5>Se recomienda puntualidad, traer almuerzo y refrigerio o traer dinero para comprar. No se permite salir del plantel durante la jornada escolar.<\/h5><h5>La jornada finaliza a las 6:30 p.m.<\/h5><pre><a href=\"https:\/\/drive.google.com\/file\/d\/1e6Qk6B6bZFEU-h7nyxnjEDPd06oiBiJ1\/view?usp=sharing\" target=\"_blank\" rel=\"noopener\">Consulte el horario para los primeros s\u00e1bados de cada mes aqu\u00ed<\/a><br \/><br \/><a href=\"https:\/\/drive.google.com\/file\/d\/1xRpXTmHMyBZ6a2miZUPi-lbAFMArow5K\/view?usp=sharing\" target=\"_blank\" rel=\"noopener\"><strong>Consulte el horario para el \u00daLTIMO s\u00e1bado de cada mes aqu\u00ed<\/strong><\/a><\/pre>\t\t\t\t\t\t\t\t<\/div>\n\t\t\t\t<\/div>\n\t\t\t\t\t<\/div>\n\t\t<\/div>\n\t\t\t\t\t<\/div>\n\t\t<\/section>\n\t\t\t\t\t<\/div>\n\t\t<\/div>\n\t\t\t\t\t<\/div>\n\t\t<\/section>\n\t\t\t\t<\/div>\n\t\t","protected":false},"excerpt":{"rendered":"<p>JORNADA SABATINA Iniciamos clases el s\u00e1bado 12 de febrero de 2022 a las 7:00 a.m. Se recomienda puntualidad, traer almuerzo y refrigerio o traer dinero para<span class=\"excerpt-hellip\"> [\u2026]<\/span><\/p>\n","protected":false},"author":1,"featured_media":0,"comment_status":"open","ping_status":"open","sticky":false,"template":"","format":"standard","meta":{"footnotes":""},"categories":[1],"tags":[],"class_list":["post-3234","post","type-post","status-publish","format-standard","hentry","category-matricula"],"_links":{"self":[{"href":"http:\/\/nep.edu.co\/index.php\/wp-json\/wp\/v2\/posts\/3234","targetHints":{"allow":["GET"]}}],"collection":[{"href":"http:\/\/nep.edu.co\/index.php\/wp-json\/wp\/v2\/posts"}],"about":[{"href":"http:\/\/nep.edu.co\/index.php\/wp-json\/wp\/v2\/types\/post"}],"author":[{"embeddable":true,"href":"http:\/\/nep.edu.co\/index.php\/wp-json\/wp\/v2\/users\/1"}],"replies":[{"embeddable":true,"href":"http:\/\/nep.edu.co\/index.php\/wp-json\/wp\/v2\/comments?post=3234"}],"version-history":[{"count":0,"href":"http:\/\/nep.edu.co\/index.php\/wp-json\/wp\/v2\/posts\/3234\/revisions"}],"wp:attachment":[{"href":"http:\/\/nep.edu.co\/index.php\/wp-json\/wp\/v2\/media?parent=3234"}],"wp:term":[{"taxonomy":"category","embeddable":true,"href":"http:\/\/nep.edu.co\/index.php\/wp-json\/wp\/v2\/categories?post=3234"},{"taxonomy":"post_tag","embeddable":true,"href":"http:\/\/nep.edu.co\/index.php\/wp-json\/wp\/v2\/tags?post=3234"}],"curies":[{"name":"wp","href":"https:\/\/api.w.org\/{rel}","templated":true}]}}