{"id":3180,"date":"2022-01-21T22:07:15","date_gmt":"2022-01-21T22:07:15","guid":{"rendered":"http:\/\/nep.edu.co\/?p=3180"},"modified":"2022-01-21T22:43:48","modified_gmt":"2022-01-21T22:43:48","slug":"horario-ano-escolar-2022","status":"publish","type":"post","link":"http:\/\/nep.edu.co\/index.php\/2022\/01\/21\/horario-ano-escolar-2022\/","title":{"rendered":"Horario A\u00f1o Escolar 2022"},"content":{"rendered":"\t\t<div data-elementor-type=\"wp-post\" data-elementor-id=\"3180\" class=\"elementor elementor-3180\">\n\t\t\t\t\t\t<section class=\"elementor-section elementor-top-section elementor-element elementor-element-9fab861 elementor-section-boxed elementor-section-height-default elementor-section-height-default\" data-id=\"9fab861\" data-element_type=\"section\" data-e-type=\"section\">\n\t\t\t\t\t\t<div class=\"elementor-container elementor-column-gap-default\">\n\t\t\t\t\t<div class=\"elementor-column elementor-col-100 elementor-top-column elementor-element elementor-element-2ab5a42\" data-id=\"2ab5a42\" data-element_type=\"column\" data-e-type=\"column\">\n\t\t\t<div class=\"elementor-widget-wrap elementor-element-populated\">\n\t\t\t\t\t\t<div class=\"elementor-element elementor-element-a5d4727 animated-slow e-transform e-transform elementor-invisible elementor-widget elementor-widget-heading\" data-id=\"a5d4727\" data-element_type=\"widget\" data-e-type=\"widget\" data-settings=\"{&quot;_animation&quot;:&quot;zoomIn&quot;,&quot;_animation_delay&quot;:100,&quot;_transform_rotateZ_effect&quot;:{&quot;unit&quot;:&quot;px&quot;,&quot;size&quot;:2,&quot;sizes&quot;:[]},&quot;_transform_translateX_effect&quot;:{&quot;unit&quot;:&quot;px&quot;,&quot;size&quot;:2,&quot;sizes&quot;:[]},&quot;_transform_translateY_effect&quot;:{&quot;unit&quot;:&quot;px&quot;,&quot;size&quot;:2,&quot;sizes&quot;:[]},&quot;_transform_rotateZ_effect_tablet&quot;:{&quot;unit&quot;:&quot;deg&quot;,&quot;size&quot;:&quot;&quot;,&quot;sizes&quot;:[]},&quot;_transform_rotateZ_effect_mobile&quot;:{&quot;unit&quot;:&quot;deg&quot;,&quot;size&quot;:&quot;&quot;,&quot;sizes&quot;:[]},&quot;_transform_translateX_effect_tablet&quot;:{&quot;unit&quot;:&quot;px&quot;,&quot;size&quot;:&quot;&quot;,&quot;sizes&quot;:[]},&quot;_transform_translateX_effect_mobile&quot;:{&quot;unit&quot;:&quot;px&quot;,&quot;size&quot;:&quot;&quot;,&quot;sizes&quot;:[]},&quot;_transform_translateY_effect_tablet&quot;:{&quot;unit&quot;:&quot;px&quot;,&quot;size&quot;:&quot;&quot;,&quot;sizes&quot;:[]},&quot;_transform_translateY_effect_mobile&quot;:{&quot;unit&quot;:&quot;px&quot;,&quot;size&quot;:&quot;&quot;,&quot;sizes&quot;:[]}}\" data-widget_type=\"heading.default\">\n\t\t\t\t<div class=\"elementor-widget-container\">\n\t\t\t\t\t<h2 class=\"elementor-heading-title elementor-size-default\">Queridos estudiantes y padres de familia, sean todos bienvenidos al a\u00f1o escolar 2022<\/h2>\t\t\t\t<\/div>\n\t\t\t\t<\/div>\n\t\t\t\t\t<\/div>\n\t\t<\/div>\n\t\t\t\t\t<\/div>\n\t\t<\/section>\n\t\t\t\t<section class=\"elementor-section elementor-top-section elementor-element elementor-element-770a66f elementor-section-boxed elementor-section-height-default elementor-section-height-default\" data-id=\"770a66f\" data-element_type=\"section\" data-e-type=\"section\">\n\t\t\t\t\t\t<div class=\"elementor-container elementor-column-gap-default\">\n\t\t\t\t\t<div class=\"elementor-column elementor-col-100 elementor-top-column elementor-element elementor-element-c93b23f\" data-id=\"c93b23f\" data-element_type=\"column\" data-e-type=\"column\">\n\t\t\t<div class=\"elementor-widget-wrap elementor-element-populated\">\n\t\t\t\t\t\t<div class=\"elementor-element elementor-element-4fca3c2 elementor-widget elementor-widget-image\" data-id=\"4fca3c2\" data-element_type=\"widget\" data-e-type=\"widget\" data-widget_type=\"image.default\">\n\t\t\t\t<div class=\"elementor-widget-container\">\n\t\t\t\t\t\t\t\t\t\t\t\t\t\t\t<img fetchpriority=\"high\" decoding=\"async\" width=\"291\" height=\"173\" src=\"https:\/\/nep.edu.co\/wp-content\/uploads\/2022\/01\/regresoclase.jpg\" class=\"attachment-large size-large wp-image-3213\" alt=\"\" srcset=\"https:\/\/nep.edu.co\/wp-content\/uploads\/2022\/01\/regresoclase.jpg 291w, https:\/\/nep.edu.co\/wp-content\/uploads\/2022\/01\/regresoclase-246x146.jpg 246w, https:\/\/nep.edu.co\/wp-content\/uploads\/2022\/01\/regresoclase-50x30.jpg 50w, https:\/\/nep.edu.co\/wp-content\/uploads\/2022\/01\/regresoclase-126x75.jpg 126w\" sizes=\"(max-width: 291px) 100vw, 291px\" \/>\t\t\t\t\t\t\t\t\t\t\t\t\t\t\t<\/div>\n\t\t\t\t<\/div>\n\t\t\t\t<div class=\"elementor-element elementor-element-d2fdb2f elementor-widget elementor-widget-text-editor\" data-id=\"d2fdb2f\" data-element_type=\"widget\" data-e-type=\"widget\" data-widget_type=\"text-editor.default\">\n\t\t\t\t<div class=\"elementor-widget-container\">\n\t\t\t\t\t\t\t\t\t<h4>Seg\u00fan la resoluci\u00f3n 1878 del 29 de octubre del 2021 emitida por la Secretar\u00eda de Educaci\u00f3n Municipal de Ibagu\u00e9, que orienta el calendario acad\u00e9mico para esta vigencia, se estipula que el inicio de clases para este a\u00f1o es el pr\u00f3ximo<\/h4>\n<h4 style=\"text-align: center;\">Lunes 24 de enero de 2022<\/h4>\n<h4 style=\"text-align: center;\">HORA 7:00 a.m.<\/h4>\n<h4 style=\"text-align: center;\">OJO: EL GRADO PRIMERO DE LA SEDE PRINCIPAL INGRESA EL JUEVES 27 DE ENERO DEBIDO A QUE LA DOCENTE TIENE INCAPACIDAD M\u00c9DICA.<\/h4>\n<h4><\/h4>\n<h4>Este inicio ser\u00e1 de manera presencial sin restricciones de aforo, es decir todos los estudiantes a su respectiva sede educativa; los estudiantes deben\u00a0portar el uniforme, tener excelente presentaci\u00f3n personal\u00a0y ubicarse en el grupo en donde se encuentre matriculado.<\/h4>\n<h4>Los horarios se manejan por d\u00edas, iniciando el lunes 24 de enero con el horario correspondiente al &#8220;D\u00eda 1&#8221;, el 25 de enero con el horario del &#8220;D\u00eda 2&#8221; y as\u00ed sucesivamente.<\/h4>\n<h4>Cuando por alg\u00fan motivo\u00a0no\u00a0se orienten clases en uno o m\u00e1s d\u00edas, al regresar se continuar\u00e1 con el n\u00famero de d\u00eda que sigue al \u00faltimo d\u00eda de clase orientado.<\/h4>\n<a href=\"https:\/\/drive.google.com\/file\/d\/1yd3WneSfZHMuUGkYgLHifxH37KfX5Qjc\/view\" target=\"_blank\" rel=\"noopener\">Consulte aqu\u00ed el horario para b\u00e1sica\u00a0primaria\u00a0Sede Nueva Esperanza<\/a>\n\n<a href=\"https:\/\/drive.google.com\/file\/d\/1qdF63MNXATYtabpFw1H31ncHwRpmJy6Y\/view\" target=\"_blank\" rel=\"noopener\">Consulte aqu\u00ed el horario para b\u00e1sica\u00a0Secundaria\u00a0Sede Nueva Esperanza<\/a>\n\n<a href=\"https:\/\/drive.google.com\/file\/d\/1s65oolVGodXZ4gH-BPDJ3nTmCiAXsR9s\/view\" target=\"_blank\" rel=\"noopener\">Consulte aqu\u00ed el horario para b\u00e1sica primaria Sede\u00a0Principal<\/a>\n\n<a href=\"https:\/\/drive.google.com\/file\/d\/1UUg3plHUs2UQsQjC-s-WyHBR8uQiIjqn\/view\" target=\"_blank\" rel=\"noopener\">Consulte aqu\u00ed el horario para b\u00e1sica secundaria y media Sede\u00a0Principal<\/a>\n\n<a href=\"https:\/\/docs.google.com\/spreadsheets\/d\/1WKS0jS8Pzd-kTJGpc2zpSUaJyZBvc92I8VXWeW5C70Q\/edit#gid=0\" target=\"_blank\" rel=\"noopener\">CONSULTA AQU\u00cd EL HORARIO QUE LE CORRESPONDE A CADA D\u00cdA<\/a>\u00a0(Este link es de consulta permanente ya que sufre modificaciones cada vez que no haya clase por alg\u00fan motivo)\t\t\t\t\t\t\t\t<\/div>\n\t\t\t\t<\/div>\n\t\t\t\t\t<\/div>\n\t\t<\/div>\n\t\t\t\t\t<\/div>\n\t\t<\/section>\n\t\t\t\t<\/div>\n\t\t","protected":false},"excerpt":{"rendered":"<p>Queridos estudiantes y padres de familia, sean todos bienvenidos al a\u00f1o escolar 2022 Seg\u00fan la resoluci\u00f3n 1878 del 29 de octubre del 2021 emitida por la<span class=\"excerpt-hellip\"> [\u2026]<\/span><\/p>\n","protected":false},"author":1,"featured_media":0,"comment_status":"open","ping_status":"open","sticky":false,"template":"","format":"standard","meta":{"footnotes":""},"categories":[1],"tags":[],"class_list":["post-3180","post","type-post","status-publish","format-standard","hentry","category-matricula"],"_links":{"self":[{"href":"http:\/\/nep.edu.co\/index.php\/wp-json\/wp\/v2\/posts\/3180","targetHints":{"allow":["GET"]}}],"collection":[{"href":"http:\/\/nep.edu.co\/index.php\/wp-json\/wp\/v2\/posts"}],"about":[{"href":"http:\/\/nep.edu.co\/index.php\/wp-json\/wp\/v2\/types\/post"}],"author":[{"embeddable":true,"href":"http:\/\/nep.edu.co\/index.php\/wp-json\/wp\/v2\/users\/1"}],"replies":[{"embeddable":true,"href":"http:\/\/nep.edu.co\/index.php\/wp-json\/wp\/v2\/comments?post=3180"}],"version-history":[{"count":0,"href":"http:\/\/nep.edu.co\/index.php\/wp-json\/wp\/v2\/posts\/3180\/revisions"}],"wp:attachment":[{"href":"http:\/\/nep.edu.co\/index.php\/wp-json\/wp\/v2\/media?parent=3180"}],"wp:term":[{"taxonomy":"category","embeddable":true,"href":"http:\/\/nep.edu.co\/index.php\/wp-json\/wp\/v2\/categories?post=3180"},{"taxonomy":"post_tag","embeddable":true,"href":"http:\/\/nep.edu.co\/index.php\/wp-json\/wp\/v2\/tags?post=3180"}],"curies":[{"name":"wp","href":"https:\/\/api.w.org\/{rel}","templated":true}]}}